{"id":1263,"date":"2026-04-21T05:43:55","date_gmt":"2026-04-21T04:43:55","guid":{"rendered":"https:\/\/katedry.pf.jcu.cz\/kin\/?post_type=article&#038;p=1263"},"modified":"2026-04-21T05:43:55","modified_gmt":"2026-04-21T04:43:55","slug":"vyuka-informatiky-v-turecku","status":"publish","type":"article","link":"https:\/\/katedry.pf.jcu.cz\/kin\/prispevek\/vyuka-informatiky-v-turecku\/","title":{"rendered":"V\u00fduka informatiky v Turecku"},"content":{"rendered":"\n<p>ve st\u0159edu 22. 4. od 12:50 v u\u010debn\u011b J321 se uskute\u010dn\u00ed setk\u00e1n\u00ed s akademiky z Turecka.<br>Na\u0161i host\u00e9 p\u0159edstav\u00ed, jak v jejich zemi prob\u00edh\u00e1 p\u0159\u00edprava u\u010ditel\u016f informatiky, a p\u0159ibl\u00ed\u017e\u00ed tak\u00e9 podobu v\u00fduky informatiky na z\u00e1kladn\u00edch \u0161kol\u00e1ch v Turecku.<\/p>\n","protected":false},"excerpt":{"rendered":"<p>ve st\u0159edu 22. 4. od 12:50 v u\u010debn\u011b J321 se uskute\u010dn\u00ed setk\u00e1n\u00ed s akademiky z Turecka.Na\u0161i host\u00e9 p\u0159edstav\u00ed, jak v&#8230;<\/p>\n","protected":false},"featured_media":1264,"menu_order":0,"template":"","class_list":["post-1263","article","type-article","status-publish","has-post-thumbnail","hentry"],"kt-fk-post-monday":"P\u0159edn\u00e1\u0161ka","dfiFeatured":["\/2026\/04\/Gemini_Generated_Image_e00xfae00xfae00x-200x100.png,\/2026\/04\/Gemini_Generated_Image_e00xfae00xfae00x.png",""],"_links":{"self":[{"href":"https:\/\/katedry.pf.jcu.cz\/kin\/wp-json\/wp\/v2\/article\/1263","targetHints":{"allow":["GET"]}}],"collection":[{"href":"https:\/\/katedry.pf.jcu.cz\/kin\/wp-json\/wp\/v2\/article"}],"about":[{"href":"https:\/\/katedry.pf.jcu.cz\/kin\/wp-json\/wp\/v2\/types\/article"}],"wp:featuredmedia":[{"embeddable":true,"href":"https:\/\/katedry.pf.jcu.cz\/kin\/wp-json\/wp\/v2\/media\/1264"}],"wp:attachment":[{"href":"https:\/\/katedry.pf.jcu.cz\/kin\/wp-json\/wp\/v2\/media?parent=1263"}],"curies":[{"name":"wp","href":"https:\/\/api.w.org\/{rel}","templated":true}]}}